{"id":6492,"date":"2021-05-03T15:23:19","date_gmt":"2021-05-03T13:23:19","guid":{"rendered":"https:\/\/pincheiro.es\/uncategorized\/pobra-do-caraminal-beaches-2\/"},"modified":"2021-05-03T16:17:45","modified_gmt":"2021-05-03T14:17:45","slug":"pobra-do-caraminal-beaches-2","status":"publish","type":"post","link":"https:\/\/pincheiro.es\/en\/pobra-do-caraminal-beaches-2\/","title":{"rendered":"BEACHES OF POBRA DO CARAMI\u00d1AL &#8211; 2"},"content":{"rendered":"<div class=\"wpb-content-wrapper\"><p>[vc_row][vc_column][vc_column_text css=&#8221;{}&#8221; uniqid=&#8221;604abdc512e9c&#8221;]BEACHES OF POBRA DO CARAMI\u00d1AL &#8211; 2<\/p>\n<p>Once past the town center, heading northwest, a series of small beaches begin, which we list in the following 10 points. They are cove-style beaches, with vegetation, calm waters and white sand. Many of them are hidden in the middle of nature, and many of them have very little space for sand when we are at high tide. There are 1,900 meters of natural coves, difficult to access by narrow paths, with calm waters and great beauty.<\/p>\n<p>We follow their order numbering them always following the coast towards the limit of Pobra with Boiro.[\/vc_column_text][\/vc_column][\/vc_row][vc_row full_width=&#8221;stretch_row&#8221; uniqid=&#8221;5eecbaf1ff388&#8243; pattern_overlay_color=&#8221;#e5e5e5&#8243; css=&#8221;{}&#8221;][vc_column uniqid=&#8221;5eecbcc6f3f2c&#8221; css=&#8221;{&#8220;mobile_portrait&#8220;: {&#8220;margin-bottom&#8220;: &#8220;-70&#8220;}}&#8221;]\t\t<div class=\"video-block video-block-5ef0484126916 black\" style=\"\">\n\t\t\t\t\t\n\t\t\t\t\t<div class=\"container\">\n\t\t\t\t<div class=\"content\">\n\t\t\t\t\t\t\t<div class=\"heading-block \">\n\t\t\t\t\t\t\t<div class=\"h h5\">RINC\u00d3N<\/div>\n\t\t\t\t\t<\/div>\n\t\t\t\t\t\t\t\t\t<div class=\"text\">Corner of the commercial pier. It is 53 meters of beach, a part of a larger beach that was mutilated with the construction of the commercial pier is a small corner of white sand with crystal clear waters and some rocky terrain.<\/div>\n\t\t\t\t\t\t\t\t\t\t\t<\/div>\n\t\t\t\t<div class=\"video-button-block\">\n\t\t\t\t\t<div class=\"video-button single-popup-item\" data-type=\"video\" data-size=\"1920x1080\" data-video='<div class=\"wrapper\"><div class=\"video-wrapper\"><\/div><\/div>'>\n\t\t\t\t\t\t<span class=\"icon\">\n\t\t\t\t\t\t\t<i class=\"base-icon-play-button\"><\/i>\n\t\t\t\t\t\t<\/span>\n\t\t\t\t\t\t\t\t\t\t\t\t\t<span>Coming Soon Video<\/span>\n\t\t\t\t\t\t\t\t\t\t\t<\/div>\n\t\t\t\t<\/div>\n\t\t\t<\/div>\n\t\t<\/div>\n\t\t[\/vc_column][\/vc_row][vc_row full_width=&#8221;stretch_row&#8221; uniqid=&#8221;604abb899ec80&#8243; pattern_overlay_color=&#8221;#e5e5e5&#8243; background_color=&#8221;#ffffff&#8221; css=&#8221;{}&#8221;][vc_column css=&#8221;{&#8220;mobile_portrait&#8220;: {&#8220;margin-bottom&#8220;: &#8220;-70&#8220;}}&#8221; uniqid=&#8221;6080783d072cc&#8221;]\t\t<div class=\"video-block video-block-604abb56f0279 black\" style=\"\">\n\t\t\t\t\t\n\t\t\t\t\t<div class=\"container\">\n\t\t\t\t<div class=\"content\">\n\t\t\t\t\t\t\t<div class=\"heading-block \">\n\t\t\t\t\t\t\t<div class=\"h h5\">PUNTA SALERA<\/div>\n\t\t\t\t\t<\/div>\n\t\t\t\t\t\t\t\t\t<div class=\"text\">Following the AC-305 towards Boiro after passing the neighborhood of the Covecha, before reaching the course, on the right hand side, a small path leads down to this tiny beach located in Punta Salera. There are 34 meters of sandy beach with calm waters.<\/div>\n\t\t\t\t\t\t\t\t\t\t\t<\/div>\n\t\t\t\t<div class=\"video-button-block\">\n\t\t\t\t\t<div class=\"video-button single-popup-item\" data-type=\"video\" data-size=\"1920x1080\" data-video='<div class=\"wrapper\"><div class=\"video-wrapper\"><\/div><\/div>'>\n\t\t\t\t\t\t<span class=\"icon\">\n\t\t\t\t\t\t\t<i class=\"base-icon-play-button\"><\/i>\n\t\t\t\t\t\t<\/span>\n\t\t\t\t\t\t\t\t\t\t\t\t\t<span>Coming Soon Video<\/span>\n\t\t\t\t\t\t\t\t\t\t\t<\/div>\n\t\t\t\t<\/div>\n\t\t\t<\/div>\n\t\t<\/div>\n\t\t[\/vc_column][\/vc_row][vc_row full_width=&#8221;stretch_row&#8221; pattern_overlay_color=&#8221;#e5e5e5&#8243; css=&#8221;{}&#8221; uniqid=&#8221;6080747fbfaf8&#8243;][vc_column css=&#8221;{&#8220;mobile_portrait&#8220;: {&#8220;margin-bottom&#8220;: &#8220;-70&#8220;}}&#8221; uniqid=&#8221;608077dbf4485&#8243;]\t\t<div class=\"video-block video-block-604abbb542e5f black\" style=\"\">\n\t\t\t\t\t\n\t\t\t\t\t<div class=\"container\">\n\t\t\t\t<div class=\"content\">\n\t\t\t\t\t\t\t<div class=\"heading-block \">\n\t\t\t\t\t\t\t<div class=\"h h5\">SAN L\u00c1ZARO BEACH<\/div>\n\t\t\t\t\t<\/div>\n\t\t\t\t\t\t\t\t\t<div class=\"text\">After passing the San L\u00e1zaro curve on the right hand side, one enters the San L\u00e1zaro neighborhood until the end, there we find the mouth of the L\u00e9rez and Pedras rivers, and on the right a 135 m long sandy area with the San L\u00e1zaro beach.<\/div>\n\t\t\t\t\t\t\t\t\t\t\t<\/div>\n\t\t\t\t<div class=\"video-button-block\">\n\t\t\t\t\t<div class=\"video-button single-popup-item\" data-type=\"video\" data-size=\"1920x1080\" data-video='<div class=\"wrapper\"><div class=\"video-wrapper\"><\/div><\/div>'>\n\t\t\t\t\t\t<span class=\"icon\">\n\t\t\t\t\t\t\t<i class=\"base-icon-play-button\"><\/i>\n\t\t\t\t\t\t<\/span>\n\t\t\t\t\t\t\t\t\t\t\t\t\t<span>Coming Soon Video<\/span>\n\t\t\t\t\t\t\t\t\t\t\t<\/div>\n\t\t\t\t<\/div>\n\t\t\t<\/div>\n\t\t<\/div>\n\t\t[\/vc_column][\/vc_row][vc_row full_width=&#8221;stretch_row&#8221; pattern_overlay_color=&#8221;#e5e5e5&#8243; css=&#8221;{}&#8221; uniqid=&#8221;608073e93cbfc&#8221;][vc_column css=&#8221;{&#8220;mobile_portrait&#8220;: {&#8220;margin-bottom&#8220;: &#8220;-70&#8220;}}&#8221; uniqid=&#8221;6080782db9d12&#8243;]\t\t<div class=\"video-block video-block-604abc2a02f5c black\" style=\"\">\n\t\t\t\t\t\n\t\t\t\t\t<div class=\"container\">\n\t\t\t\t<div class=\"content\">\n\t\t\t\t\t\t\t<div class=\"heading-block \">\n\t\t\t\t\t\t\t<div class=\"h h5\">CONS-RAPOSI\u00d1OS BEACH<\/div>\n\t\t\t\t\t<\/div>\n\t\t\t\t\t\t\t\t\t<div class=\"text\">Crossing the mouth of the rivers L\u00e9rez and Pedras from the beach of San L\u00e1zaro, there is a 250 meters long sandy beach called Raposi\u00f1os. Quiet beach with a grove of trees above the beach with calm waters, white sand<\/div>\n\t\t\t\t\t\t\t\t\t\t\t<\/div>\n\t\t\t\t<div class=\"video-button-block\">\n\t\t\t\t\t<div class=\"video-button single-popup-item\" data-type=\"video\" data-size=\"1920x1080\" data-video='<div class=\"wrapper\"><div class=\"video-wrapper\"><\/div><\/div>'>\n\t\t\t\t\t\t<span class=\"icon\">\n\t\t\t\t\t\t\t<i class=\"base-icon-play-button\"><\/i>\n\t\t\t\t\t\t<\/span>\n\t\t\t\t\t\t\t\t\t\t\t\t\t<span>Coming Soon Video<\/span>\n\t\t\t\t\t\t\t\t\t\t\t<\/div>\n\t\t\t\t<\/div>\n\t\t\t<\/div>\n\t\t<\/div>\n\t\t[\/vc_column][\/vc_row][vc_row full_width=&#8221;stretch_row&#8221; pattern_overlay_color=&#8221;#e5e5e5&#8243; background_color=&#8221;#ffffff&#8221; css=&#8221;{}&#8221;][vc_column css=&#8221;{&#8220;mobile_portrait&#8220;: {&#8220;margin-bottom&#8220;: &#8220;-70&#8220;}}&#8221; uniqid=&#8221;6080781383d5e&#8221;]\t\t<div class=\"video-block video-block-604abbf6b4450 black\" style=\"\">\n\t\t\t\t\t\n\t\t\t\t\t<div class=\"container\">\n\t\t\t\t<div class=\"content\">\n\t\t\t\t\t\t\t<div class=\"heading-block \">\n\t\t\t\t\t\t\t<div class=\"h h5\">LA LOMBA-ANGUSTIAS COVE<\/div>\n\t\t\t\t\t<\/div>\n\t\t\t\t\t\t\t\t\t<div class=\"text\">At the end of Raposi\u00f1os beach, following the coast northwest towards Boiro, after 200 meters of rocky coastline, there are several coves that are on the coast of the area of Lomba and Angustia until you reach the Punta de la Merced. There are 350 meters where coves alternate with rocks and where small beaches with a special charm, wooded nature and white sand appear.<\/div>\n\t\t\t\t\t\t\t\t\t\t\t<\/div>\n\t\t\t\t<div class=\"video-button-block\">\n\t\t\t\t\t<div class=\"video-button single-popup-item\" data-type=\"video\" data-size=\"1920x1080\" data-video='<div class=\"wrapper\"><div class=\"video-wrapper\"><\/div><\/div>'>\n\t\t\t\t\t\t<span class=\"icon\">\n\t\t\t\t\t\t\t<i class=\"base-icon-play-button\"><\/i>\n\t\t\t\t\t\t<\/span>\n\t\t\t\t\t\t\t\t\t\t\t\t\t<span>Coming Soon Video<\/span>\n\t\t\t\t\t\t\t\t\t\t\t<\/div>\n\t\t\t\t<\/div>\n\t\t\t<\/div>\n\t\t<\/div>\n\t\t[\/vc_column][\/vc_row][vc_row full_width=&#8221;stretch_row&#8221; pattern_overlay_color=&#8221;#e5e5e5&#8243; background_color=&#8221;#ffffff&#8221; css=&#8221;{}&#8221;][vc_column css=&#8221;{&#8220;mobile_portrait&#8220;: {&#8220;margin-bottom&#8220;: &#8220;-70&#8220;}}&#8221; uniqid=&#8221;608077d064e76&#8243;]\t\t<div class=\"video-block video-block-604abc5e60ff1 black\" style=\"\">\n\t\t\t\t\t\n\t\t\t\t\t<div class=\"container\">\n\t\t\t\t<div class=\"content\">\n\t\t\t\t\t\t\t<div class=\"heading-block \">\n\t\t\t\t\t\t\t<div class=\"h h5\">LA MERC\u00c9 BEACH<\/div>\n\t\t\t\t\t<\/div>\n\t\t\t\t\t\t\t\t\t<div class=\"text\">Past the Punta de la Merced, a 135 meter long beach called de la Merced opens up. Above this beach is the old Monastery and Pazo de la Merced. Fine white sand, calm waters<\/div>\n\t\t\t\t\t\t\t\t\t\t\t<\/div>\n\t\t\t\t<div class=\"video-button-block\">\n\t\t\t\t\t<div class=\"video-button single-popup-item\" data-type=\"video\" data-size=\"1920x1080\" data-video='<div class=\"wrapper\"><div class=\"video-wrapper\"><\/div><\/div>'>\n\t\t\t\t\t\t<span class=\"icon\">\n\t\t\t\t\t\t\t<i class=\"base-icon-play-button\"><\/i>\n\t\t\t\t\t\t<\/span>\n\t\t\t\t\t\t\t\t\t\t\t\t\t<span>Coming Soon Video<\/span>\n\t\t\t\t\t\t\t\t\t\t\t<\/div>\n\t\t\t\t<\/div>\n\t\t\t<\/div>\n\t\t<\/div>\n\t\t[\/vc_column][\/vc_row][vc_row full_width=&#8221;stretch_row&#8221; pattern_overlay_color=&#8221;#e5e5e5&#8243; css=&#8221;{}&#8221; uniqid=&#8221;6080749a771af&#8221;][vc_column css=&#8221;{&#8220;mobile_portrait&#8220;: {&#8220;margin-bottom&#8220;: &#8220;-70&#8220;}}&#8221; uniqid=&#8221;608077c036337&#8243;]\t\t<div class=\"video-block video-block-604abc92b35e8 black\" style=\"\">\n\t\t\t\t\t\n\t\t\t\t\t<div class=\"container\">\n\t\t\t\t<div class=\"content\">\n\t\t\t\t\t\t\t<div class=\"heading-block \">\n\t\t\t\t\t\t\t<div class=\"h h5\">LA RIBEIRI\u00d1A 1 BEACH<\/div>\n\t\t\t\t\t<\/div>\n\t\t\t\t\t\t\t\t\t<div class=\"text\">Following the C-305 road towards Boiro, after passing the Pazo de la Merced that is on the left hand side of this road, we find a small track on the right hand side that leads us to this beach that we call Ribeiri\u00f1a 1 because it is located in the village of Ribeiri\u00f1a. It is 100 meters of coastline with calm waters and white sand.<\/div>\n\t\t\t\t\t\t\t\t\t\t\t<\/div>\n\t\t\t\t<div class=\"video-button-block\">\n\t\t\t\t\t<div class=\"video-button single-popup-item\" data-type=\"video\" data-size=\"1920x1080\" data-video='<div class=\"wrapper\"><div class=\"video-wrapper\"><\/div><\/div>'>\n\t\t\t\t\t\t<span class=\"icon\">\n\t\t\t\t\t\t\t<i class=\"base-icon-play-button\"><\/i>\n\t\t\t\t\t\t<\/span>\n\t\t\t\t\t\t\t\t\t\t\t\t\t<span>Coming Soon Video<\/span>\n\t\t\t\t\t\t\t\t\t\t\t<\/div>\n\t\t\t\t<\/div>\n\t\t\t<\/div>\n\t\t<\/div>\n\t\t[\/vc_column][\/vc_row][vc_row full_width=&#8221;stretch_row&#8221; pattern_overlay_color=&#8221;#e5e5e5&#8243; background_color=&#8221;#ffffff&#8221; css=&#8221;{}&#8221;][vc_column css=&#8221;{&#8220;mobile_portrait&#8220;: {&#8220;margin-bottom&#8220;: &#8220;-70&#8220;}}&#8221; uniqid=&#8221;608077b175fc3&#8243;]\t\t<div class=\"video-block video-block-604abcfc37a8b black\" style=\"\">\n\t\t\t\t\t\n\t\t\t\t\t<div class=\"container\">\n\t\t\t\t<div class=\"content\">\n\t\t\t\t\t\t\t<div class=\"heading-block \">\n\t\t\t\t\t\t\t<div class=\"h h5\">LA RIBEIRI\u00d1A 2 BEACH<\/div>\n\t\t\t\t\t<\/div>\n\t\t\t\t\t\t\t\t\t<div class=\"text\">Following the track that we have taken to go to Ribeiri\u00f1a 1 beach, after 350 meters there is a beach that we call Ribeiri\u00f1a 2 beach. It is 380 meters in which we can distinguish four different coves with calm waters and white sand.<\/div>\n\t\t\t\t\t\t\t\t\t\t\t<\/div>\n\t\t\t\t<div class=\"video-button-block\">\n\t\t\t\t\t<div class=\"video-button single-popup-item\" data-type=\"video\" data-size=\"1920x1080\" data-video='<div class=\"wrapper\"><div class=\"video-wrapper\"><\/div><\/div>'>\n\t\t\t\t\t\t<span class=\"icon\">\n\t\t\t\t\t\t\t<i class=\"base-icon-play-button\"><\/i>\n\t\t\t\t\t\t<\/span>\n\t\t\t\t\t\t\t\t\t\t\t\t\t<span>Coming Soon Video<\/span>\n\t\t\t\t\t\t\t\t\t\t\t<\/div>\n\t\t\t\t<\/div>\n\t\t\t<\/div>\n\t\t<\/div>\n\t\t[\/vc_column][\/vc_row][vc_row full_width=&#8221;stretch_row&#8221; pattern_overlay_color=&#8221;#e5e5e5&#8243; css=&#8221;{}&#8221; uniqid=&#8221;608074ad3b1f9&#8243;][vc_column css=&#8221;{&#8220;mobile_portrait&#8220;: {&#8220;margin-bottom&#8220;: &#8220;-70&#8220;}}&#8221; uniqid=&#8221;6080777013683&#8243;]\t\t<div class=\"video-block video-block-604abd25858cc black\" style=\"\">\n\t\t\t\t\t\n\t\t\t\t\t<div class=\"container\">\n\t\t\t\t<div class=\"content\">\n\t\t\t\t\t\t\t<div class=\"heading-block \">\n\t\t\t\t\t\t\t<div class=\"h h5\">LA POZA BEACH<\/div>\n\t\t\t\t\t<\/div>\n\t\t\t\t\t\t\t\t\t<div class=\"text\">Following the same track from where the Ribeiri\u00f1a 2 beach ends, 100 meters away we find a path that leads to the sea. There we discover the beach of the . A sandy area of 110 meters of Poza beach, with vegetation, golden sand and calm waters.<\/div>\n\t\t\t\t\t\t\t\t\t\t\t<\/div>\n\t\t\t\t<div class=\"video-button-block\">\n\t\t\t\t\t<div class=\"video-button single-popup-item\" data-type=\"video\" data-size=\"1920x1080\" data-video='<div class=\"wrapper\"><div class=\"video-wrapper\"><\/div><\/div>'>\n\t\t\t\t\t\t<span class=\"icon\">\n\t\t\t\t\t\t\t<i class=\"base-icon-play-button\"><\/i>\n\t\t\t\t\t\t<\/span>\n\t\t\t\t\t\t\t\t\t\t\t\t\t<span>Coming Soon Video<\/span>\n\t\t\t\t\t\t\t\t\t\t\t<\/div>\n\t\t\t\t<\/div>\n\t\t\t<\/div>\n\t\t<\/div>\n\t\t[\/vc_column][\/vc_row][vc_row][vc_column]\t\t<div class=\"video-block video-block-604b824e99c24\" style=\"\">\n\t\t\t\t\t\n\t\t\t\t\t<div class=\"container\">\n\t\t\t\t<div class=\"content\">\n\t\t\t\t\t\t\t<div class=\"heading-block \">\n\t\t\t\t\t\t\t<div class=\"h h5\">CONCHIDO BEACH<\/div>\n\t\t\t\t\t<\/div>\n\t\t\t\t\t\t\t\t\t<div class=\"text\">Following the same track from where the Poza beach ends, 200 meters away we find the descent to the beaches of the village of Conchido. There are 350 meters of coastline where we can discover 4 sandy coves separated by rocky areas.<\/div>\n\t\t\t\t\t\t\t\t\t\t\t<\/div>\n\t\t\t\t<div class=\"video-button-block\">\n\t\t\t\t\t<div class=\"video-button single-popup-item\" data-type=\"video\" data-size=\"1920x1080\" data-video='<div class=\"wrapper\"><div class=\"video-wrapper\"><\/div><\/div>'>\n\t\t\t\t\t\t<span class=\"icon\">\n\t\t\t\t\t\t\t<i class=\"base-icon-play-button\"><\/i>\n\t\t\t\t\t\t<\/span>\n\t\t\t\t\t\t\t\t\t\t\t\t\t<span>Coming Soon Video<\/span>\n\t\t\t\t\t\t\t\t\t\t\t<\/div>\n\t\t\t\t<\/div>\n\t\t\t<\/div>\n\t\t<\/div>\n\t\t[\/vc_column][\/vc_row]<\/p>\n<\/div>","protected":false},"excerpt":{"rendered":"<p>[vc_row][vc_column][vc_column_text css=&#8221;{}&#8221; uniqid=&#8221;604abdc512e9c&#8221;]BEACHES OF POBRA DO CARAMI\u00d1AL &#8211; 2 Once past the town center, heading northwest, a series of small beaches begin, which we list in the following 10 points. They are cove-style beaches, with vegetation, calm waters and white sand. Many of them are hidden in the middle of nature, and many of them [&hellip;]<\/p>\n","protected":false},"author":1,"featured_media":5465,"comment_status":"closed","ping_status":"closed","sticky":false,"template":"","format":"standard","meta":{"_acf_changed":false,"footnotes":""},"categories":[87],"tags":[149],"class_list":["post-6492","post","type-post","status-publish","format-standard","has-post-thumbnail","hentry","category-beaches","tag-places-of-pobra"],"acf":[],"_links":{"self":[{"href":"https:\/\/pincheiro.es\/en\/wp-json\/wp\/v2\/posts\/6492","targetHints":{"allow":["GET"]}}],"collection":[{"href":"https:\/\/pincheiro.es\/en\/wp-json\/wp\/v2\/posts"}],"about":[{"href":"https:\/\/pincheiro.es\/en\/wp-json\/wp\/v2\/types\/post"}],"author":[{"embeddable":true,"href":"https:\/\/pincheiro.es\/en\/wp-json\/wp\/v2\/users\/1"}],"replies":[{"embeddable":true,"href":"https:\/\/pincheiro.es\/en\/wp-json\/wp\/v2\/comments?post=6492"}],"version-history":[{"count":0,"href":"https:\/\/pincheiro.es\/en\/wp-json\/wp\/v2\/posts\/6492\/revisions"}],"wp:featuredmedia":[{"embeddable":true,"href":"https:\/\/pincheiro.es\/en\/wp-json\/wp\/v2\/media\/5465"}],"wp:attachment":[{"href":"https:\/\/pincheiro.es\/en\/wp-json\/wp\/v2\/media?parent=6492"}],"wp:term":[{"taxonomy":"category","embeddable":true,"href":"https:\/\/pincheiro.es\/en\/wp-json\/wp\/v2\/categories?post=6492"},{"taxonomy":"post_tag","embeddable":true,"href":"https:\/\/pincheiro.es\/en\/wp-json\/wp\/v2\/tags?post=6492"}],"curies":[{"name":"wp","href":"https:\/\/api.w.org\/{rel}","templated":true}]}}